{"id":40,"count":6,"description":"Lettre, nom ou pr\u00e9nom en fleurs s\u00e9ch\u00e9es \u00e0 accrocher.\r\n\r\nPersonnalisable \u00e0 votre convenance : go\u00fbts et couleurs\r\n\r\nLes mots\/ noms ou pr\u00e9noms de grande taille font 38\/4O cm de haut pour la majuscule : le reste s'adapte en fonction suivant le mot souhait\u00e9\r\n\r\nA r\u00e9aliser sur commande.","link":"https:\/\/aporlasflores.omathi.eu\/index.php\/categorie-produit\/nom-en-fleurs-sechees\/grandsmots\/","name":"Grands mots\/ noms ou pr\u00e9noms","slug":"grandsmots","taxonomy":"product_cat","parent":37,"meta":[],"menu_order":3,"aioseo_head":"\n\t\t<!-- All in One SEO 5.0.0.1 - aioseo.com -->\n\t<meta name=\"description\" content=\"Lettre, nom ou pr\u00e9nom en fleurs s\u00e9ch\u00e9es \u00e0 accrocher. Personnalisable \u00e0 votre convenance : go\u00fbts et couleurs Les mots\/ noms ou pr\u00e9noms de grande taille font 38\/4O cm de haut pour la majuscule : le reste s\u2019adapte en fonction suivant le mot souhait\u00e9 A r\u00e9aliser sur commande.\" \/>\n\t<meta name=\"robots\" content=\"max-image-preview:large\" \/>\n\t<link rel=\"canonical\" href=\"https:\/\/aporlasflores.omathi.eu\/index.php\/categorie-produit\/nom-en-fleurs-sechees\/grandsmots\/\" \/>\n\t<meta name=\"generator\" content=\"All in One SEO (AIOSEO) 5.0.0.1\" \/>\n\t\t<script type=\"application\/ld+json\" class=\"aioseo-schema\">\n\t\t\t{\"@context\":\"https:\\\/\\\/schema.org\",\"@graph\":[{\"@type\":\"BreadcrumbList\",\"@id\":\"https:\\\/\\\/aporlasflores.omathi.eu\\\/wp-json\\\/wp\\\/v2\\\/product_cat\\\/40\\\/#breadcrumblist\",\"itemListElement\":[{\"@type\":\"ListItem\",\"@id\":\"https:\\\/\\\/aporlasflores.omathi.eu#listItem\",\"position\":1,\"name\":\"Home\",\"item\":\"https:\\\/\\\/aporlasflores.omathi.eu\",\"nextItem\":{\"@type\":\"ListItem\",\"@id\":\"https:\\\/\\\/aporlasflores.omathi.eu\\\/index.php\\\/categorie-produit\\\/nom-en-fleurs-sechees\\\/#listItem\",\"name\":\"Nom en fleurs s\\u00e9ch\\u00e9es\"}},{\"@type\":\"ListItem\",\"@id\":\"https:\\\/\\\/aporlasflores.omathi.eu\\\/index.php\\\/categorie-produit\\\/nom-en-fleurs-sechees\\\/#listItem\",\"position\":2,\"name\":\"Nom en fleurs s\\u00e9ch\\u00e9es\",\"item\":\"https:\\\/\\\/aporlasflores.omathi.eu\\\/index.php\\\/categorie-produit\\\/nom-en-fleurs-sechees\\\/\",\"nextItem\":{\"@type\":\"ListItem\",\"@id\":\"https:\\\/\\\/aporlasflores.omathi.eu\\\/index.php\\\/categorie-produit\\\/nom-en-fleurs-sechees\\\/grandsmots\\\/#listItem\",\"name\":\"Grands mots\\\/ noms ou pr\\u00e9noms\"},\"previousItem\":{\"@type\":\"ListItem\",\"@id\":\"https:\\\/\\\/aporlasflores.omathi.eu#listItem\",\"name\":\"Home\"}},{\"@type\":\"ListItem\",\"@id\":\"https:\\\/\\\/aporlasflores.omathi.eu\\\/index.php\\\/categorie-produit\\\/nom-en-fleurs-sechees\\\/grandsmots\\\/#listItem\",\"position\":3,\"name\":\"Grands mots\\\/ noms ou pr\\u00e9noms\",\"previousItem\":{\"@type\":\"ListItem\",\"@id\":\"https:\\\/\\\/aporlasflores.omathi.eu\\\/index.php\\\/categorie-produit\\\/nom-en-fleurs-sechees\\\/#listItem\",\"name\":\"Nom en fleurs s\\u00e9ch\\u00e9es\"}}]},{\"@type\":\"CollectionPage\",\"@id\":\"https:\\\/\\\/aporlasflores.omathi.eu\\\/wp-json\\\/wp\\\/v2\\\/product_cat\\\/40\\\/#collectionpage\",\"url\":\"https:\\\/\\\/aporlasflores.omathi.eu\\\/wp-json\\\/wp\\\/v2\\\/product_cat\\\/40\\\/\",\"name\":\"Grands mots\\\/ noms ou pr\\u00e9noms -\",\"description\":\"Lettre, nom ou pr\\u00e9nom en fleurs s\\u00e9ch\\u00e9es \\u00e0 accrocher. Personnalisable \\u00e0 votre convenance : go\\u00fbts et couleurs Les mots\\\/ noms ou pr\\u00e9noms de grande taille font 38\\\/4O cm de haut pour la majuscule : le reste s\\u2019adapte en fonction suivant le mot souhait\\u00e9 A r\\u00e9aliser sur commande.\",\"inLanguage\":\"fr-FR\",\"isPartOf\":{\"@id\":\"https:\\\/\\\/aporlasflores.omathi.eu\\\/#website\"},\"breadcrumb\":{\"@id\":\"https:\\\/\\\/aporlasflores.omathi.eu\\\/wp-json\\\/wp\\\/v2\\\/product_cat\\\/40\\\/#breadcrumblist\"}},{\"@type\":\"Organization\",\"@id\":\"https:\\\/\\\/aporlasflores.omathi.eu\\\/#organization\",\"name\":\"A por las flores\",\"url\":\"https:\\\/\\\/aporlasflores.omathi.eu\\\/\"},{\"@type\":\"WebSite\",\"@id\":\"https:\\\/\\\/aporlasflores.omathi.eu\\\/#website\",\"url\":\"https:\\\/\\\/aporlasflores.omathi.eu\\\/\",\"name\":\"A por las flores\",\"inLanguage\":\"fr-FR\",\"publisher\":{\"@id\":\"https:\\\/\\\/aporlasflores.omathi.eu\\\/#organization\"}}]}\n\t\t<\/script>\n\t\t<!-- All in One SEO -->\n\n","aioseo_head_json":{"title":"Grands mots\/ noms ou pr\u00e9noms -","description":"Lettre, nom ou pr\u00e9nom en fleurs s\u00e9ch\u00e9es \u00e0 accrocher. Personnalisable \u00e0 votre convenance : go\u00fbts et couleurs Les mots\/ noms ou pr\u00e9noms de grande taille font 38\/4O cm de haut pour la majuscule : le reste s\u2019adapte en fonction suivant le mot souhait\u00e9 A r\u00e9aliser sur commande.","canonical_url":"https:\/\/aporlasflores.omathi.eu\/index.php\/categorie-produit\/nom-en-fleurs-sechees\/grandsmots\/","robots":"max-image-preview:large","keywords":"","webmasterTools":{"miscellaneous":""},"schema":{"@context":"https:\/\/schema.org","@graph":[{"@type":"BreadcrumbList","@id":"https:\/\/aporlasflores.omathi.eu\/wp-json\/wp\/v2\/product_cat\/40\/#breadcrumblist","itemListElement":[{"@type":"ListItem","@id":"https:\/\/aporlasflores.omathi.eu#listItem","position":1,"name":"Home","item":"https:\/\/aporlasflores.omathi.eu","nextItem":{"@type":"ListItem","@id":"https:\/\/aporlasflores.omathi.eu\/index.php\/categorie-produit\/nom-en-fleurs-sechees\/#listItem","name":"Nom en fleurs s\u00e9ch\u00e9es"}},{"@type":"ListItem","@id":"https:\/\/aporlasflores.omathi.eu\/index.php\/categorie-produit\/nom-en-fleurs-sechees\/#listItem","position":2,"name":"Nom en fleurs s\u00e9ch\u00e9es","item":"https:\/\/aporlasflores.omathi.eu\/index.php\/categorie-produit\/nom-en-fleurs-sechees\/","nextItem":{"@type":"ListItem","@id":"https:\/\/aporlasflores.omathi.eu\/index.php\/categorie-produit\/nom-en-fleurs-sechees\/grandsmots\/#listItem","name":"Grands mots\/ noms ou pr\u00e9noms"},"previousItem":{"@type":"ListItem","@id":"https:\/\/aporlasflores.omathi.eu#listItem","name":"Home"}},{"@type":"ListItem","@id":"https:\/\/aporlasflores.omathi.eu\/index.php\/categorie-produit\/nom-en-fleurs-sechees\/grandsmots\/#listItem","position":3,"name":"Grands mots\/ noms ou pr\u00e9noms","previousItem":{"@type":"ListItem","@id":"https:\/\/aporlasflores.omathi.eu\/index.php\/categorie-produit\/nom-en-fleurs-sechees\/#listItem","name":"Nom en fleurs s\u00e9ch\u00e9es"}}]},{"@type":"CollectionPage","@id":"https:\/\/aporlasflores.omathi.eu\/wp-json\/wp\/v2\/product_cat\/40\/#collectionpage","url":"https:\/\/aporlasflores.omathi.eu\/wp-json\/wp\/v2\/product_cat\/40\/","name":"Grands mots\/ noms ou pr\u00e9noms -","description":"Lettre, nom ou pr\u00e9nom en fleurs s\u00e9ch\u00e9es \u00e0 accrocher. Personnalisable \u00e0 votre convenance : go\u00fbts et couleurs Les mots\/ noms ou pr\u00e9noms de grande taille font 38\/4O cm de haut pour la majuscule : le reste s\u2019adapte en fonction suivant le mot souhait\u00e9 A r\u00e9aliser sur commande.","inLanguage":"fr-FR","isPartOf":{"@id":"https:\/\/aporlasflores.omathi.eu\/#website"},"breadcrumb":{"@id":"https:\/\/aporlasflores.omathi.eu\/wp-json\/wp\/v2\/product_cat\/40\/#breadcrumblist"}},{"@type":"Organization","@id":"https:\/\/aporlasflores.omathi.eu\/#organization","name":"A por las flores","url":"https:\/\/aporlasflores.omathi.eu\/"},{"@type":"WebSite","@id":"https:\/\/aporlasflores.omathi.eu\/#website","url":"https:\/\/aporlasflores.omathi.eu\/","name":"A por las flores","inLanguage":"fr-FR","publisher":{"@id":"https:\/\/aporlasflores.omathi.eu\/#organization"}}]}},"aioseo_breadcrumb":"<div class=\"aioseo-breadcrumbs\"><span class=\"aioseo-breadcrumb\">\n\t\t\t<a href=\"https:\/\/aporlasflores.omathi.eu\" title=\"Home\">Home<\/a>\n\t\t<\/span><span class=\"aioseo-breadcrumb-separator\">&raquo;<\/span><span class=\"aioseo-breadcrumb\">\n\t\t\t<a href=\"https:\/\/aporlasflores.omathi.eu\/index.php\/categorie-produit\/nom-en-fleurs-sechees\/\" title=\"Nom en fleurs s\u00e9ch\u00e9es\">Nom en fleurs s\u00e9ch\u00e9es<\/a>\n\t\t<\/span><span class=\"aioseo-breadcrumb-separator\">&raquo;<\/span><span class=\"aioseo-breadcrumb\">\n\t\t\tGrands mots\/ noms ou pr\u00e9noms\n\t\t<\/span><\/div>","aioseo_breadcrumb_json":[{"label":"Home","link":"https:\/\/aporlasflores.omathi.eu"},{"label":"Nom en fleurs s\u00e9ch\u00e9es","link":"https:\/\/aporlasflores.omathi.eu\/index.php\/categorie-produit\/nom-en-fleurs-sechees\/"},{"label":"Grands mots\/ noms ou pr\u00e9noms","link":"https:\/\/aporlasflores.omathi.eu\/index.php\/categorie-produit\/nom-en-fleurs-sechees\/grandsmots\/"}],"_links":{"self":[{"href":"https:\/\/aporlasflores.omathi.eu\/index.php\/wp-json\/wp\/v2\/product_cat\/40","targetHints":{"allow":["GET"]}}],"collection":[{"href":"https:\/\/aporlasflores.omathi.eu\/index.php\/wp-json\/wp\/v2\/product_cat"}],"about":[{"href":"https:\/\/aporlasflores.omathi.eu\/index.php\/wp-json\/wp\/v2\/taxonomies\/product_cat"}],"up":[{"embeddable":true,"href":"https:\/\/aporlasflores.omathi.eu\/index.php\/wp-json\/wp\/v2\/product_cat\/37"}],"wp:post_type":[{"href":"https:\/\/aporlasflores.omathi.eu\/index.php\/wp-json\/wp\/v2\/product?product_cat=40"}],"curies":[{"name":"wp","href":"https:\/\/api.w.org\/{rel}","templated":true}]}}