{"id":39,"count":5,"description":"Lettre, nom ou pr\u00e9nom en fleurs s\u00e9ch\u00e9es \u00e0 accrocher.\r\n\r\nPersonnalisable \u00e0 votre convenance : go\u00fbts et couleurs\r\n\r\nLettres ou mot entre 29 et 30 centim\u00e8tres de haut pour la majuscule. Faites en bois contre plaqu\u00e9 le reste s'adapte en fonction suivant le mot souhait\u00e9\r\n\r\nA r\u00e9aliser sur commande.","link":"https:\/\/aporlasflores.omathi.eu\/index.php\/categorie-produit\/nom-en-fleurs-sechees\/moyens-mots\/","name":"Moyens mots murals","slug":"moyens-mots","taxonomy":"product_cat","parent":37,"meta":[],"menu_order":4,"aioseo_head":"\n\t\t<!-- All in One SEO 5.0.0.1 - aioseo.com -->\n\t<meta name=\"description\" content=\"Lettre, nom ou pr\u00e9nom en fleurs s\u00e9ch\u00e9es \u00e0 accrocher. Personnalisable \u00e0 votre convenance : go\u00fbts et couleurs Lettres ou mot entre 29 et 30 centim\u00e8tres de haut pour la majuscule. Faites en bois contre plaqu\u00e9 le reste s\u2019adapte en fonction suivant le mot souhait\u00e9 A r\u00e9aliser sur commande.\" \/>\n\t<meta name=\"robots\" content=\"max-image-preview:large\" \/>\n\t<link rel=\"canonical\" href=\"https:\/\/aporlasflores.omathi.eu\/index.php\/categorie-produit\/nom-en-fleurs-sechees\/moyens-mots\/\" \/>\n\t<meta name=\"generator\" content=\"All in One SEO (AIOSEO) 5.0.0.1\" \/>\n\t\t<script type=\"application\/ld+json\" class=\"aioseo-schema\">\n\t\t\t{\"@context\":\"https:\\\/\\\/schema.org\",\"@graph\":[{\"@type\":\"BreadcrumbList\",\"@id\":\"https:\\\/\\\/aporlasflores.omathi.eu\\\/wp-json\\\/wp\\\/v2\\\/product_cat\\\/39\\\/#breadcrumblist\",\"itemListElement\":[{\"@type\":\"ListItem\",\"@id\":\"https:\\\/\\\/aporlasflores.omathi.eu#listItem\",\"position\":1,\"name\":\"Home\",\"item\":\"https:\\\/\\\/aporlasflores.omathi.eu\",\"nextItem\":{\"@type\":\"ListItem\",\"@id\":\"https:\\\/\\\/aporlasflores.omathi.eu\\\/index.php\\\/categorie-produit\\\/nom-en-fleurs-sechees\\\/#listItem\",\"name\":\"Nom en fleurs s\\u00e9ch\\u00e9es\"}},{\"@type\":\"ListItem\",\"@id\":\"https:\\\/\\\/aporlasflores.omathi.eu\\\/index.php\\\/categorie-produit\\\/nom-en-fleurs-sechees\\\/#listItem\",\"position\":2,\"name\":\"Nom en fleurs s\\u00e9ch\\u00e9es\",\"item\":\"https:\\\/\\\/aporlasflores.omathi.eu\\\/index.php\\\/categorie-produit\\\/nom-en-fleurs-sechees\\\/\",\"nextItem\":{\"@type\":\"ListItem\",\"@id\":\"https:\\\/\\\/aporlasflores.omathi.eu\\\/index.php\\\/categorie-produit\\\/nom-en-fleurs-sechees\\\/moyens-mots\\\/#listItem\",\"name\":\"Moyens mots murals\"},\"previousItem\":{\"@type\":\"ListItem\",\"@id\":\"https:\\\/\\\/aporlasflores.omathi.eu#listItem\",\"name\":\"Home\"}},{\"@type\":\"ListItem\",\"@id\":\"https:\\\/\\\/aporlasflores.omathi.eu\\\/index.php\\\/categorie-produit\\\/nom-en-fleurs-sechees\\\/moyens-mots\\\/#listItem\",\"position\":3,\"name\":\"Moyens mots murals\",\"previousItem\":{\"@type\":\"ListItem\",\"@id\":\"https:\\\/\\\/aporlasflores.omathi.eu\\\/index.php\\\/categorie-produit\\\/nom-en-fleurs-sechees\\\/#listItem\",\"name\":\"Nom en fleurs s\\u00e9ch\\u00e9es\"}}]},{\"@type\":\"CollectionPage\",\"@id\":\"https:\\\/\\\/aporlasflores.omathi.eu\\\/wp-json\\\/wp\\\/v2\\\/product_cat\\\/39\\\/#collectionpage\",\"url\":\"https:\\\/\\\/aporlasflores.omathi.eu\\\/wp-json\\\/wp\\\/v2\\\/product_cat\\\/39\\\/\",\"name\":\"Moyens mots murals -\",\"description\":\"Lettre, nom ou pr\\u00e9nom en fleurs s\\u00e9ch\\u00e9es \\u00e0 accrocher. Personnalisable \\u00e0 votre convenance : go\\u00fbts et couleurs Lettres ou mot entre 29 et 30 centim\\u00e8tres de haut pour la majuscule. Faites en bois contre plaqu\\u00e9 le reste s\\u2019adapte en fonction suivant le mot souhait\\u00e9 A r\\u00e9aliser sur commande.\",\"inLanguage\":\"fr-FR\",\"isPartOf\":{\"@id\":\"https:\\\/\\\/aporlasflores.omathi.eu\\\/#website\"},\"breadcrumb\":{\"@id\":\"https:\\\/\\\/aporlasflores.omathi.eu\\\/wp-json\\\/wp\\\/v2\\\/product_cat\\\/39\\\/#breadcrumblist\"}},{\"@type\":\"Organization\",\"@id\":\"https:\\\/\\\/aporlasflores.omathi.eu\\\/#organization\",\"name\":\"A por las flores\",\"url\":\"https:\\\/\\\/aporlasflores.omathi.eu\\\/\"},{\"@type\":\"WebSite\",\"@id\":\"https:\\\/\\\/aporlasflores.omathi.eu\\\/#website\",\"url\":\"https:\\\/\\\/aporlasflores.omathi.eu\\\/\",\"name\":\"A por las flores\",\"inLanguage\":\"fr-FR\",\"publisher\":{\"@id\":\"https:\\\/\\\/aporlasflores.omathi.eu\\\/#organization\"}}]}\n\t\t<\/script>\n\t\t<!-- All in One SEO -->\n\n","aioseo_head_json":{"title":"Moyens mots murals -","description":"Lettre, nom ou pr\u00e9nom en fleurs s\u00e9ch\u00e9es \u00e0 accrocher. Personnalisable \u00e0 votre convenance : go\u00fbts et couleurs Lettres ou mot entre 29 et 30 centim\u00e8tres de haut pour la majuscule. Faites en bois contre plaqu\u00e9 le reste s\u2019adapte en fonction suivant le mot souhait\u00e9 A r\u00e9aliser sur commande.","canonical_url":"https:\/\/aporlasflores.omathi.eu\/index.php\/categorie-produit\/nom-en-fleurs-sechees\/moyens-mots\/","robots":"max-image-preview:large","keywords":"","webmasterTools":{"miscellaneous":""},"schema":{"@context":"https:\/\/schema.org","@graph":[{"@type":"BreadcrumbList","@id":"https:\/\/aporlasflores.omathi.eu\/wp-json\/wp\/v2\/product_cat\/39\/#breadcrumblist","itemListElement":[{"@type":"ListItem","@id":"https:\/\/aporlasflores.omathi.eu#listItem","position":1,"name":"Home","item":"https:\/\/aporlasflores.omathi.eu","nextItem":{"@type":"ListItem","@id":"https:\/\/aporlasflores.omathi.eu\/index.php\/categorie-produit\/nom-en-fleurs-sechees\/#listItem","name":"Nom en fleurs s\u00e9ch\u00e9es"}},{"@type":"ListItem","@id":"https:\/\/aporlasflores.omathi.eu\/index.php\/categorie-produit\/nom-en-fleurs-sechees\/#listItem","position":2,"name":"Nom en fleurs s\u00e9ch\u00e9es","item":"https:\/\/aporlasflores.omathi.eu\/index.php\/categorie-produit\/nom-en-fleurs-sechees\/","nextItem":{"@type":"ListItem","@id":"https:\/\/aporlasflores.omathi.eu\/index.php\/categorie-produit\/nom-en-fleurs-sechees\/moyens-mots\/#listItem","name":"Moyens mots murals"},"previousItem":{"@type":"ListItem","@id":"https:\/\/aporlasflores.omathi.eu#listItem","name":"Home"}},{"@type":"ListItem","@id":"https:\/\/aporlasflores.omathi.eu\/index.php\/categorie-produit\/nom-en-fleurs-sechees\/moyens-mots\/#listItem","position":3,"name":"Moyens mots murals","previousItem":{"@type":"ListItem","@id":"https:\/\/aporlasflores.omathi.eu\/index.php\/categorie-produit\/nom-en-fleurs-sechees\/#listItem","name":"Nom en fleurs s\u00e9ch\u00e9es"}}]},{"@type":"CollectionPage","@id":"https:\/\/aporlasflores.omathi.eu\/wp-json\/wp\/v2\/product_cat\/39\/#collectionpage","url":"https:\/\/aporlasflores.omathi.eu\/wp-json\/wp\/v2\/product_cat\/39\/","name":"Moyens mots murals -","description":"Lettre, nom ou pr\u00e9nom en fleurs s\u00e9ch\u00e9es \u00e0 accrocher. Personnalisable \u00e0 votre convenance : go\u00fbts et couleurs Lettres ou mot entre 29 et 30 centim\u00e8tres de haut pour la majuscule. Faites en bois contre plaqu\u00e9 le reste s\u2019adapte en fonction suivant le mot souhait\u00e9 A r\u00e9aliser sur commande.","inLanguage":"fr-FR","isPartOf":{"@id":"https:\/\/aporlasflores.omathi.eu\/#website"},"breadcrumb":{"@id":"https:\/\/aporlasflores.omathi.eu\/wp-json\/wp\/v2\/product_cat\/39\/#breadcrumblist"}},{"@type":"Organization","@id":"https:\/\/aporlasflores.omathi.eu\/#organization","name":"A por las flores","url":"https:\/\/aporlasflores.omathi.eu\/"},{"@type":"WebSite","@id":"https:\/\/aporlasflores.omathi.eu\/#website","url":"https:\/\/aporlasflores.omathi.eu\/","name":"A por las flores","inLanguage":"fr-FR","publisher":{"@id":"https:\/\/aporlasflores.omathi.eu\/#organization"}}]}},"aioseo_breadcrumb":"<div class=\"aioseo-breadcrumbs\"><span class=\"aioseo-breadcrumb\">\n\t\t\t<a href=\"https:\/\/aporlasflores.omathi.eu\" title=\"Home\">Home<\/a>\n\t\t<\/span><span class=\"aioseo-breadcrumb-separator\">&raquo;<\/span><span class=\"aioseo-breadcrumb\">\n\t\t\t<a href=\"https:\/\/aporlasflores.omathi.eu\/index.php\/categorie-produit\/nom-en-fleurs-sechees\/\" title=\"Nom en fleurs s\u00e9ch\u00e9es\">Nom en fleurs s\u00e9ch\u00e9es<\/a>\n\t\t<\/span><span class=\"aioseo-breadcrumb-separator\">&raquo;<\/span><span class=\"aioseo-breadcrumb\">\n\t\t\tMoyens mots murals\n\t\t<\/span><\/div>","aioseo_breadcrumb_json":[{"label":"Home","link":"https:\/\/aporlasflores.omathi.eu"},{"label":"Nom en fleurs s\u00e9ch\u00e9es","link":"https:\/\/aporlasflores.omathi.eu\/index.php\/categorie-produit\/nom-en-fleurs-sechees\/"},{"label":"Moyens mots murals","link":"https:\/\/aporlasflores.omathi.eu\/index.php\/categorie-produit\/nom-en-fleurs-sechees\/moyens-mots\/"}],"_links":{"self":[{"href":"https:\/\/aporlasflores.omathi.eu\/index.php\/wp-json\/wp\/v2\/product_cat\/39","targetHints":{"allow":["GET"]}}],"collection":[{"href":"https:\/\/aporlasflores.omathi.eu\/index.php\/wp-json\/wp\/v2\/product_cat"}],"about":[{"href":"https:\/\/aporlasflores.omathi.eu\/index.php\/wp-json\/wp\/v2\/taxonomies\/product_cat"}],"up":[{"embeddable":true,"href":"https:\/\/aporlasflores.omathi.eu\/index.php\/wp-json\/wp\/v2\/product_cat\/37"}],"wp:post_type":[{"href":"https:\/\/aporlasflores.omathi.eu\/index.php\/wp-json\/wp\/v2\/product?product_cat=39"}],"curies":[{"name":"wp","href":"https:\/\/api.w.org\/{rel}","templated":true}]}}